{"id":1153,"date":"2025-01-13T17:22:22","date_gmt":"2025-01-13T16:22:22","guid":{"rendered":"https:\/\/www.locservice.fr\/guides\/?p=1153"},"modified":"2025-11-24T17:22:33","modified_gmt":"2025-11-24T16:22:33","slug":"treve-hivernale","status":"publish","type":"post","link":"https:\/\/www.locservice.fr\/guides\/guide-proprietaire\/fin-bail\/treve-hivernale","title":{"rendered":"La tr\u00eave hivernale"},"content":{"rendered":"\n<p class=\"a-retenir\">La tr\u00eave hivernale permet aux locataires de ne pas \u00eatre expuls\u00e9s de leur logement<strong> entre le 1er novembre et le 31 mars<\/strong> de l&rsquo;ann\u00e9e suivante, sauf pour certaines exceptions. Les squatteurs, autrefois prot\u00e9g\u00e9s par ce dispositif, ne le sont plus aujourd&rsquo;hui.<\/p>\n\n\n\n<div id=\"div-gpt-ad-1534773938396-0\" style=\"text-align: center;\"><\/div>\n\n\n\n<p>Pendant la <strong>tr\u00eave hivernale<\/strong> personne ne peut \u00eatre expuls\u00e9 du logement qu&rsquo;il occupe, m\u00eame si une proc\u00e9dure d&rsquo;expulsion a \u00e9t\u00e9 entam\u00e9e. Il y a cependant des <strong>exceptions <\/strong>pour lesquelles la tr\u00eave hivernale ne s&rsquo;applique pas :<\/p>\n\n\n\n<ul class=\"wp-block-list\">\n<li>Si le logement est une r\u00e9sidence principale (le domicile de la victime) <strong>squatt\u00e9e<\/strong>, c&rsquo;est-\u00e0-dire occup\u00e9e par des personnes entr\u00e9es ill\u00e9galement ;<\/li>\n\n\n\n<li>Si le logement se trouve dans un immeuble qui a fait l&rsquo;objet d&rsquo;un arr\u00eat\u00e9 de p\u00e9ril ;<\/li>\n\n\n\n<li>Si l&rsquo;expulsion est assortie d&rsquo;un relogement correspondant aux besoins familiaux du locataire ;<\/li>\n<\/ul>\n\n\n\n<p>Si le squat concerne une r\u00e9sidence secondaire ou un garage (ou tout autre lieu), la d\u00e9cision d&rsquo;expulsion pendant la tr\u00eave hivernale doit \u00eatre prononc\u00e9e par le juge.<\/p>\n\n\n\n<p>Rien n&#8217;emp\u00eache un propri\u00e9taire d&rsquo;entamer ou de poursuivre une <a href=\"https:\/\/www.locservice.fr\/guides\/guide-proprietaire\/resiliation-bail-proprietaire\/expulsion-locataire\">proc\u00e9dure d&rsquo;expulsion<\/a> pendant cette tr\u00eave, mais il ne pourra de toute fa\u00e7on pas r\u00e9cup\u00e9rer son bien avant le 1er avril.<\/p>\n\n\n\n<p><\/p>\n<div style='text-align:left' class='yasr-auto-insert-visitor'><\/div>","protected":false},"excerpt":{"rendered":"<p>La tr\u00eave hivernale permet aux locataires de ne pas \u00eatre expuls\u00e9s de leur logement entre le 1er novembre et le [&hellip;]<\/p>\n","protected":false},"author":2,"featured_media":1154,"comment_status":"open","ping_status":"open","sticky":false,"template":"","format":"standard","meta":{"_uag_custom_page_level_css":"","_sitemap_exclude":false,"_sitemap_priority":"","_sitemap_frequency":"","site-sidebar-layout":"default","site-content-layout":"","ast-site-content-layout":"","site-content-style":"default","site-sidebar-style":"default","ast-global-header-display":"","ast-banner-title-visibility":"","ast-main-header-display":"","ast-hfb-above-header-display":"","ast-hfb-below-header-display":"","ast-hfb-mobile-header-display":"","site-post-title":"","ast-breadcrumbs-content":"","ast-featured-img":"","footer-sml-layout":"","theme-transparent-header-meta":"","adv-header-id-meta":"","stick-header-meta":"","header-above-stick-meta":"","header-main-stick-meta":"","header-below-stick-meta":"","astra-migrate-meta-layouts":"default","ast-page-background-enabled":"default","ast-page-background-meta":{"desktop":{"background-color":"var(--ast-global-color-4)","background-image":"","background-repeat":"repeat","background-position":"center center","background-size":"auto","background-attachment":"scroll","background-type":"","background-media":"","overlay-type":"","overlay-color":"","overlay-opacity":"","overlay-gradient":""},"tablet":{"background-color":"","background-image":"","background-repeat":"repeat","background-position":"center center","background-size":"auto","background-attachment":"scroll","background-type":"","background-media":"","overlay-type":"","overlay-color":"","overlay-opacity":"","overlay-gradient":""},"mobile":{"background-color":"","background-image":"","background-repeat":"repeat","background-position":"center center","background-size":"auto","background-attachment":"scroll","background-type":"","background-media":"","overlay-type":"","overlay-color":"","overlay-opacity":"","overlay-gradient":""}},"ast-content-background-meta":{"desktop":{"background-color":"var(--ast-global-color-5)","background-image":"","background-repeat":"repeat","background-position":"center center","background-size":"auto","background-attachment":"scroll","background-type":"","background-media":"","overlay-type":"","overlay-color":"","overlay-opacity":"","overlay-gradient":""},"tablet":{"background-color":"var(--ast-global-color-5)","background-image":"","background-repeat":"repeat","background-position":"center center","background-size":"auto","background-attachment":"scroll","background-type":"","background-media":"","overlay-type":"","overlay-color":"","overlay-opacity":"","overlay-gradient":""},"mobile":{"background-color":"var(--ast-global-color-5)","background-image":"","background-repeat":"repeat","background-position":"center center","background-size":"auto","background-attachment":"scroll","background-type":"","background-media":"","overlay-type":"","overlay-color":"","overlay-opacity":"","overlay-gradient":""}},"yasr_overall_rating":0,"yasr_post_is_review":"","yasr_auto_insert_disabled":"","yasr_review_type":"","footnotes":""},"categories":[30],"tags":[],"class_list":["post-1153","post","type-post","status-publish","format-standard","has-post-thumbnail","hentry","category-fin-bail"],"yoast_head":"<!-- This site is optimized with the Yoast SEO plugin v27.4 - https:\/\/yoast.com\/product\/yoast-seo-wordpress\/ -->\n<title>La tr\u00eave hivernale : dates, modalit\u00e9s, exceptions<\/title>\n<meta name=\"description\" content=\"La tr\u00eave hivernale permet aux locataires de ne pas \u00eatre expuls\u00e9s du 1er novembre au 31 mars, sauf dans le cas de squatteurs. Cliquez pour en savoir plus...\" \/>\n<meta name=\"robots\" content=\"index, follow, max-snippet:-1, max-image-preview:large, max-video-preview:-1\" \/>\n<link rel=\"canonical\" href=\"https:\/\/www.locservice.fr\/guides\/guide-proprietaire\/fin-bail\/treve-hivernale\" \/>\n<meta property=\"og:locale\" content=\"fr_FR\" \/>\n<meta property=\"og:type\" content=\"article\" \/>\n<meta property=\"og:title\" content=\"La tr\u00eave hivernale : dates, modalit\u00e9s, exceptions\" \/>\n<meta property=\"og:description\" content=\"La tr\u00eave hivernale permet aux locataires de ne pas \u00eatre expuls\u00e9s du 1er novembre au 31 mars, sauf dans le cas de squatteurs. Cliquez pour en savoir plus...\" \/>\n<meta property=\"og:url\" content=\"https:\/\/www.locservice.fr\/guides\/guide-proprietaire\/fin-bail\/treve-hivernale\" \/>\n<meta property=\"og:site_name\" content=\"Guides de la location\" \/>\n<meta property=\"article:published_time\" content=\"2025-01-13T16:22:22+00:00\" \/>\n<meta property=\"article:modified_time\" content=\"2025-11-24T16:22:33+00:00\" \/>\n<meta property=\"og:image\" content=\"https:\/\/www.locservice.fr\/guides\/wp-content\/uploads\/2025\/01\/72.jpg\" \/>\n\t<meta property=\"og:image:width\" content=\"800\" \/>\n\t<meta property=\"og:image:height\" content=\"533\" \/>\n\t<meta property=\"og:image:type\" content=\"image\/jpeg\" \/>\n<meta name=\"author\" content=\"Ivan Thi\u00e9bault\" \/>\n<meta name=\"twitter:card\" content=\"summary_large_image\" \/>\n<meta name=\"twitter:label1\" content=\"\u00c9crit par\" \/>\n\t<meta name=\"twitter:data1\" content=\"Ivan Thi\u00e9bault\" \/>\n\t<meta name=\"twitter:label2\" content=\"Dur\u00e9e de lecture estim\u00e9e\" \/>\n\t<meta name=\"twitter:data2\" content=\"2 minutes\" \/>\n<script type=\"application\/ld+json\" class=\"yoast-schema-graph\">{\"@context\":\"https:\\\/\\\/schema.org\",\"@graph\":[{\"@type\":\"Article\",\"@id\":\"https:\\\/\\\/www.locservice.fr\\\/guides\\\/guide-proprietaire\\\/fin-bail\\\/treve-hivernale#article\",\"isPartOf\":{\"@id\":\"https:\\\/\\\/www.locservice.fr\\\/guides\\\/guide-proprietaire\\\/fin-bail\\\/treve-hivernale\"},\"author\":{\"name\":\"Ivan Thi\u00e9bault\",\"@id\":\"https:\\\/\\\/www.locservice.fr\\\/guides\\\/#\\\/schema\\\/person\\\/d9649034c00ccedbece586acf36182b2\"},\"headline\":\"La tr\u00eave hivernale\",\"datePublished\":\"2025-01-13T16:22:22+00:00\",\"dateModified\":\"2025-11-24T16:22:33+00:00\",\"mainEntityOfPage\":{\"@id\":\"https:\\\/\\\/www.locservice.fr\\\/guides\\\/guide-proprietaire\\\/fin-bail\\\/treve-hivernale\"},\"wordCount\":226,\"commentCount\":4,\"publisher\":{\"@id\":\"https:\\\/\\\/www.locservice.fr\\\/guides\\\/#organization\"},\"image\":{\"@id\":\"https:\\\/\\\/www.locservice.fr\\\/guides\\\/guide-proprietaire\\\/fin-bail\\\/treve-hivernale#primaryimage\"},\"thumbnailUrl\":\"https:\\\/\\\/www.locservice.fr\\\/guides\\\/wp-content\\\/uploads\\\/2025\\\/01\\\/72.jpg\",\"articleSection\":[\"R\u00e9silier le bail et r\u00e9cup\u00e9rer son logement\"],\"inLanguage\":\"fr-FR\",\"potentialAction\":[{\"@type\":\"CommentAction\",\"name\":\"Comment\",\"target\":[\"https:\\\/\\\/www.locservice.fr\\\/guides\\\/guide-proprietaire\\\/fin-bail\\\/treve-hivernale#respond\"]}]},{\"@type\":\"WebPage\",\"@id\":\"https:\\\/\\\/www.locservice.fr\\\/guides\\\/guide-proprietaire\\\/fin-bail\\\/treve-hivernale\",\"url\":\"https:\\\/\\\/www.locservice.fr\\\/guides\\\/guide-proprietaire\\\/fin-bail\\\/treve-hivernale\",\"name\":\"La tr\u00eave hivernale : dates, modalit\u00e9s, exceptions\",\"isPartOf\":{\"@id\":\"https:\\\/\\\/www.locservice.fr\\\/guides\\\/#website\"},\"primaryImageOfPage\":{\"@id\":\"https:\\\/\\\/www.locservice.fr\\\/guides\\\/guide-proprietaire\\\/fin-bail\\\/treve-hivernale#primaryimage\"},\"image\":{\"@id\":\"https:\\\/\\\/www.locservice.fr\\\/guides\\\/guide-proprietaire\\\/fin-bail\\\/treve-hivernale#primaryimage\"},\"thumbnailUrl\":\"https:\\\/\\\/www.locservice.fr\\\/guides\\\/wp-content\\\/uploads\\\/2025\\\/01\\\/72.jpg\",\"datePublished\":\"2025-01-13T16:22:22+00:00\",\"dateModified\":\"2025-11-24T16:22:33+00:00\",\"description\":\"La tr\u00eave hivernale permet aux locataires de ne pas \u00eatre expuls\u00e9s du 1er novembre au 31 mars, sauf dans le cas de squatteurs. Cliquez pour en savoir plus...\",\"breadcrumb\":{\"@id\":\"https:\\\/\\\/www.locservice.fr\\\/guides\\\/guide-proprietaire\\\/fin-bail\\\/treve-hivernale#breadcrumb\"},\"inLanguage\":\"fr-FR\",\"potentialAction\":[{\"@type\":\"ReadAction\",\"target\":[\"https:\\\/\\\/www.locservice.fr\\\/guides\\\/guide-proprietaire\\\/fin-bail\\\/treve-hivernale\"]}]},{\"@type\":\"ImageObject\",\"inLanguage\":\"fr-FR\",\"@id\":\"https:\\\/\\\/www.locservice.fr\\\/guides\\\/guide-proprietaire\\\/fin-bail\\\/treve-hivernale#primaryimage\",\"url\":\"https:\\\/\\\/www.locservice.fr\\\/guides\\\/wp-content\\\/uploads\\\/2025\\\/01\\\/72.jpg\",\"contentUrl\":\"https:\\\/\\\/www.locservice.fr\\\/guides\\\/wp-content\\\/uploads\\\/2025\\\/01\\\/72.jpg\",\"width\":800,\"height\":533,\"caption\":\"tr\u00eave hivernale\"},{\"@type\":\"BreadcrumbList\",\"@id\":\"https:\\\/\\\/www.locservice.fr\\\/guides\\\/guide-proprietaire\\\/fin-bail\\\/treve-hivernale#breadcrumb\",\"itemListElement\":[{\"@type\":\"ListItem\",\"position\":1,\"name\":\"Tous les guides LocService\",\"item\":\"https:\\\/\\\/www.locservice.fr\\\/guides\\\/\"},{\"@type\":\"ListItem\",\"position\":2,\"name\":\"Guide Propri\u00e9taire\",\"item\":\"https:\\\/\\\/www.locservice.fr\\\/guides\\\/guide-proprietaire\"},{\"@type\":\"ListItem\",\"position\":3,\"name\":\"R\u00e9silier le bail et r\u00e9cup\u00e9rer son logement\",\"item\":\"https:\\\/\\\/www.locservice.fr\\\/guides\\\/guide-proprietaire\\\/fin-bail\"},{\"@type\":\"ListItem\",\"position\":4,\"name\":\"La tr\u00eave hivernale\"}]},{\"@type\":\"WebSite\",\"@id\":\"https:\\\/\\\/www.locservice.fr\\\/guides\\\/#website\",\"url\":\"https:\\\/\\\/www.locservice.fr\\\/guides\\\/\",\"name\":\"Les guides de la location et de la colocation\",\"description\":\"\",\"publisher\":{\"@id\":\"https:\\\/\\\/www.locservice.fr\\\/guides\\\/#organization\"},\"potentialAction\":[{\"@type\":\"SearchAction\",\"target\":{\"@type\":\"EntryPoint\",\"urlTemplate\":\"https:\\\/\\\/www.locservice.fr\\\/guides\\\/?s={search_term_string}\"},\"query-input\":{\"@type\":\"PropertyValueSpecification\",\"valueRequired\":true,\"valueName\":\"search_term_string\"}}],\"inLanguage\":\"fr-FR\"},{\"@type\":\"Organization\",\"@id\":\"https:\\\/\\\/www.locservice.fr\\\/guides\\\/#organization\",\"name\":\"Les guides de la location et de la colocation\",\"url\":\"https:\\\/\\\/www.locservice.fr\\\/guides\\\/\",\"logo\":{\"@type\":\"ImageObject\",\"inLanguage\":\"fr-FR\",\"@id\":\"https:\\\/\\\/www.locservice.fr\\\/guides\\\/#\\\/schema\\\/logo\\\/image\\\/\",\"url\":\"https:\\\/\\\/www.locservice.fr\\\/guides\\\/wp-content\\\/uploads\\\/2024\\\/12\\\/cropped-classic_hd.png\",\"contentUrl\":\"https:\\\/\\\/www.locservice.fr\\\/guides\\\/wp-content\\\/uploads\\\/2024\\\/12\\\/cropped-classic_hd.png\",\"width\":600,\"height\":121,\"caption\":\"Les guides de la location et de la colocation\"},\"image\":{\"@id\":\"https:\\\/\\\/www.locservice.fr\\\/guides\\\/#\\\/schema\\\/logo\\\/image\\\/\"}},{\"@type\":\"Person\",\"@id\":\"https:\\\/\\\/www.locservice.fr\\\/guides\\\/#\\\/schema\\\/person\\\/d9649034c00ccedbece586acf36182b2\",\"name\":\"Ivan Thi\u00e9bault\",\"image\":{\"@type\":\"ImageObject\",\"inLanguage\":\"fr-FR\",\"@id\":\"https:\\\/\\\/www.locservice.fr\\\/guides\\\/wp-content\\\/litespeed\\\/avatar\\\/0e2c93b955f9359d432ca2e43ce04587.jpg?ver=1777236133\",\"url\":\"https:\\\/\\\/www.locservice.fr\\\/guides\\\/wp-content\\\/litespeed\\\/avatar\\\/0e2c93b955f9359d432ca2e43ce04587.jpg?ver=1777236133\",\"contentUrl\":\"https:\\\/\\\/www.locservice.fr\\\/guides\\\/wp-content\\\/litespeed\\\/avatar\\\/0e2c93b955f9359d432ca2e43ce04587.jpg?ver=1777236133\",\"caption\":\"Ivan Thi\u00e9bault\"},\"description\":\"Autodidacte (et passionn\u00e9) de droit immobilier, Licence pro E-commerce, je suis responsable \u00e9ditorial, r\u00e9dacteur, SEO et data analyst chez LocService.fr depuis plus de 10 ans. Je suis l'auteur des Observatoires LocService du march\u00e9 locatif, et vous m'avez peut-\u00eatre d\u00e9j\u00e0 entendu (ou pas, si vous dormiez encore) dans des matinales TV\\\/radio pour les pr\u00e9senter.\",\"sameAs\":[\"https:\\\/\\\/www.locservice.fr\"],\"url\":\"https:\\\/\\\/www.locservice.fr\\\/guides\\\/author\\\/ivan\"},false]}<\/script>\n<!-- \/ Yoast SEO plugin. -->","yoast_head_json":{"title":"La tr\u00eave hivernale : dates, modalit\u00e9s, exceptions","description":"La tr\u00eave hivernale permet aux locataires de ne pas \u00eatre expuls\u00e9s du 1er novembre au 31 mars, sauf dans le cas de squatteurs. Cliquez pour en savoir plus...","robots":{"index":"index","follow":"follow","max-snippet":"max-snippet:-1","max-image-preview":"max-image-preview:large","max-video-preview":"max-video-preview:-1"},"canonical":"https:\/\/www.locservice.fr\/guides\/guide-proprietaire\/fin-bail\/treve-hivernale","og_locale":"fr_FR","og_type":"article","og_title":"La tr\u00eave hivernale : dates, modalit\u00e9s, exceptions","og_description":"La tr\u00eave hivernale permet aux locataires de ne pas \u00eatre expuls\u00e9s du 1er novembre au 31 mars, sauf dans le cas de squatteurs. Cliquez pour en savoir plus...","og_url":"https:\/\/www.locservice.fr\/guides\/guide-proprietaire\/fin-bail\/treve-hivernale","og_site_name":"Guides de la location","article_published_time":"2025-01-13T16:22:22+00:00","article_modified_time":"2025-11-24T16:22:33+00:00","og_image":[{"width":800,"height":533,"url":"https:\/\/www.locservice.fr\/guides\/wp-content\/uploads\/2025\/01\/72.jpg","type":"image\/jpeg"}],"author":"Ivan Thi\u00e9bault","twitter_card":"summary_large_image","twitter_misc":{"\u00c9crit par":"Ivan Thi\u00e9bault","Dur\u00e9e de lecture estim\u00e9e":"2 minutes"},"schema":{"@context":"https:\/\/schema.org","@graph":[{"@type":"Article","@id":"https:\/\/www.locservice.fr\/guides\/guide-proprietaire\/fin-bail\/treve-hivernale#article","isPartOf":{"@id":"https:\/\/www.locservice.fr\/guides\/guide-proprietaire\/fin-bail\/treve-hivernale"},"author":{"name":"Ivan Thi\u00e9bault","@id":"https:\/\/www.locservice.fr\/guides\/#\/schema\/person\/d9649034c00ccedbece586acf36182b2"},"headline":"La tr\u00eave hivernale","datePublished":"2025-01-13T16:22:22+00:00","dateModified":"2025-11-24T16:22:33+00:00","mainEntityOfPage":{"@id":"https:\/\/www.locservice.fr\/guides\/guide-proprietaire\/fin-bail\/treve-hivernale"},"wordCount":226,"commentCount":4,"publisher":{"@id":"https:\/\/www.locservice.fr\/guides\/#organization"},"image":{"@id":"https:\/\/www.locservice.fr\/guides\/guide-proprietaire\/fin-bail\/treve-hivernale#primaryimage"},"thumbnailUrl":"https:\/\/www.locservice.fr\/guides\/wp-content\/uploads\/2025\/01\/72.jpg","articleSection":["R\u00e9silier le bail et r\u00e9cup\u00e9rer son logement"],"inLanguage":"fr-FR","potentialAction":[{"@type":"CommentAction","name":"Comment","target":["https:\/\/www.locservice.fr\/guides\/guide-proprietaire\/fin-bail\/treve-hivernale#respond"]}]},{"@type":"WebPage","@id":"https:\/\/www.locservice.fr\/guides\/guide-proprietaire\/fin-bail\/treve-hivernale","url":"https:\/\/www.locservice.fr\/guides\/guide-proprietaire\/fin-bail\/treve-hivernale","name":"La tr\u00eave hivernale : dates, modalit\u00e9s, exceptions","isPartOf":{"@id":"https:\/\/www.locservice.fr\/guides\/#website"},"primaryImageOfPage":{"@id":"https:\/\/www.locservice.fr\/guides\/guide-proprietaire\/fin-bail\/treve-hivernale#primaryimage"},"image":{"@id":"https:\/\/www.locservice.fr\/guides\/guide-proprietaire\/fin-bail\/treve-hivernale#primaryimage"},"thumbnailUrl":"https:\/\/www.locservice.fr\/guides\/wp-content\/uploads\/2025\/01\/72.jpg","datePublished":"2025-01-13T16:22:22+00:00","dateModified":"2025-11-24T16:22:33+00:00","description":"La tr\u00eave hivernale permet aux locataires de ne pas \u00eatre expuls\u00e9s du 1er novembre au 31 mars, sauf dans le cas de squatteurs. Cliquez pour en savoir plus...","breadcrumb":{"@id":"https:\/\/www.locservice.fr\/guides\/guide-proprietaire\/fin-bail\/treve-hivernale#breadcrumb"},"inLanguage":"fr-FR","potentialAction":[{"@type":"ReadAction","target":["https:\/\/www.locservice.fr\/guides\/guide-proprietaire\/fin-bail\/treve-hivernale"]}]},{"@type":"ImageObject","inLanguage":"fr-FR","@id":"https:\/\/www.locservice.fr\/guides\/guide-proprietaire\/fin-bail\/treve-hivernale#primaryimage","url":"https:\/\/www.locservice.fr\/guides\/wp-content\/uploads\/2025\/01\/72.jpg","contentUrl":"https:\/\/www.locservice.fr\/guides\/wp-content\/uploads\/2025\/01\/72.jpg","width":800,"height":533,"caption":"tr\u00eave hivernale"},{"@type":"BreadcrumbList","@id":"https:\/\/www.locservice.fr\/guides\/guide-proprietaire\/fin-bail\/treve-hivernale#breadcrumb","itemListElement":[{"@type":"ListItem","position":1,"name":"Tous les guides LocService","item":"https:\/\/www.locservice.fr\/guides\/"},{"@type":"ListItem","position":2,"name":"Guide Propri\u00e9taire","item":"https:\/\/www.locservice.fr\/guides\/guide-proprietaire"},{"@type":"ListItem","position":3,"name":"R\u00e9silier le bail et r\u00e9cup\u00e9rer son logement","item":"https:\/\/www.locservice.fr\/guides\/guide-proprietaire\/fin-bail"},{"@type":"ListItem","position":4,"name":"La tr\u00eave hivernale"}]},{"@type":"WebSite","@id":"https:\/\/www.locservice.fr\/guides\/#website","url":"https:\/\/www.locservice.fr\/guides\/","name":"Les guides de la location et de la colocation","description":"","publisher":{"@id":"https:\/\/www.locservice.fr\/guides\/#organization"},"potentialAction":[{"@type":"SearchAction","target":{"@type":"EntryPoint","urlTemplate":"https:\/\/www.locservice.fr\/guides\/?s={search_term_string}"},"query-input":{"@type":"PropertyValueSpecification","valueRequired":true,"valueName":"search_term_string"}}],"inLanguage":"fr-FR"},{"@type":"Organization","@id":"https:\/\/www.locservice.fr\/guides\/#organization","name":"Les guides de la location et de la colocation","url":"https:\/\/www.locservice.fr\/guides\/","logo":{"@type":"ImageObject","inLanguage":"fr-FR","@id":"https:\/\/www.locservice.fr\/guides\/#\/schema\/logo\/image\/","url":"https:\/\/www.locservice.fr\/guides\/wp-content\/uploads\/2024\/12\/cropped-classic_hd.png","contentUrl":"https:\/\/www.locservice.fr\/guides\/wp-content\/uploads\/2024\/12\/cropped-classic_hd.png","width":600,"height":121,"caption":"Les guides de la location et de la colocation"},"image":{"@id":"https:\/\/www.locservice.fr\/guides\/#\/schema\/logo\/image\/"}},{"@type":"Person","@id":"https:\/\/www.locservice.fr\/guides\/#\/schema\/person\/d9649034c00ccedbece586acf36182b2","name":"Ivan Thi\u00e9bault","image":{"@type":"ImageObject","inLanguage":"fr-FR","@id":"https:\/\/www.locservice.fr\/guides\/wp-content\/litespeed\/avatar\/0e2c93b955f9359d432ca2e43ce04587.jpg?ver=1777236133","url":"https:\/\/www.locservice.fr\/guides\/wp-content\/litespeed\/avatar\/0e2c93b955f9359d432ca2e43ce04587.jpg?ver=1777236133","contentUrl":"https:\/\/www.locservice.fr\/guides\/wp-content\/litespeed\/avatar\/0e2c93b955f9359d432ca2e43ce04587.jpg?ver=1777236133","caption":"Ivan Thi\u00e9bault"},"description":"Autodidacte (et passionn\u00e9) de droit immobilier, Licence pro E-commerce, je suis responsable \u00e9ditorial, r\u00e9dacteur, SEO et data analyst chez LocService.fr depuis plus de 10 ans. Je suis l'auteur des Observatoires LocService du march\u00e9 locatif, et vous m'avez peut-\u00eatre d\u00e9j\u00e0 entendu (ou pas, si vous dormiez encore) dans des matinales TV\/radio pour les pr\u00e9senter.","sameAs":["https:\/\/www.locservice.fr"],"url":"https:\/\/www.locservice.fr\/guides\/author\/ivan"},false]}},"yasr_visitor_votes":{"stars_attributes":{"read_only":false,"span_bottom":false},"number_of_votes":4,"sum_votes":14},"uagb_featured_image_src":{"full":["https:\/\/www.locservice.fr\/guides\/wp-content\/uploads\/2025\/01\/72.jpg",800,533,false],"thumbnail":["https:\/\/www.locservice.fr\/guides\/wp-content\/uploads\/2025\/01\/72-150x150.jpg",150,150,true],"medium":["https:\/\/www.locservice.fr\/guides\/wp-content\/uploads\/2025\/01\/72-300x200.jpg",300,200,true],"medium_large":["https:\/\/www.locservice.fr\/guides\/wp-content\/uploads\/2025\/01\/72-768x512.jpg",768,512,true],"large":["https:\/\/www.locservice.fr\/guides\/wp-content\/uploads\/2025\/01\/72.jpg",800,533,false],"1536x1536":["https:\/\/www.locservice.fr\/guides\/wp-content\/uploads\/2025\/01\/72.jpg",800,533,false],"2048x2048":["https:\/\/www.locservice.fr\/guides\/wp-content\/uploads\/2025\/01\/72.jpg",800,533,false]},"uagb_author_info":{"display_name":"Ivan Thi\u00e9bault","author_link":"https:\/\/www.locservice.fr\/guides\/author\/ivan"},"uagb_comment_info":4,"uagb_excerpt":"La tr\u00eave hivernale permet aux locataires de ne pas \u00eatre expuls\u00e9s de leur logement entre le 1er novembre et le [&hellip;]","_links":{"self":[{"href":"https:\/\/www.locservice.fr\/guides\/wp-json\/wp\/v2\/posts\/1153","targetHints":{"allow":["GET"]}}],"collection":[{"href":"https:\/\/www.locservice.fr\/guides\/wp-json\/wp\/v2\/posts"}],"about":[{"href":"https:\/\/www.locservice.fr\/guides\/wp-json\/wp\/v2\/types\/post"}],"author":[{"embeddable":true,"href":"https:\/\/www.locservice.fr\/guides\/wp-json\/wp\/v2\/users\/2"}],"replies":[{"embeddable":true,"href":"https:\/\/www.locservice.fr\/guides\/wp-json\/wp\/v2\/comments?post=1153"}],"version-history":[{"count":3,"href":"https:\/\/www.locservice.fr\/guides\/wp-json\/wp\/v2\/posts\/1153\/revisions"}],"predecessor-version":[{"id":2750,"href":"https:\/\/www.locservice.fr\/guides\/wp-json\/wp\/v2\/posts\/1153\/revisions\/2750"}],"wp:featuredmedia":[{"embeddable":true,"href":"https:\/\/www.locservice.fr\/guides\/wp-json\/wp\/v2\/media\/1154"}],"wp:attachment":[{"href":"https:\/\/www.locservice.fr\/guides\/wp-json\/wp\/v2\/media?parent=1153"}],"wp:term":[{"taxonomy":"category","embeddable":true,"href":"https:\/\/www.locservice.fr\/guides\/wp-json\/wp\/v2\/categories?post=1153"},{"taxonomy":"post_tag","embeddable":true,"href":"https:\/\/www.locservice.fr\/guides\/wp-json\/wp\/v2\/tags?post=1153"}],"curies":[{"name":"wp","href":"https:\/\/api.w.org\/{rel}","templated":true}]}}